{"id":153,"__str__":"Requerimento n\u00ba 128 de 2021","link_detail_backend":"/materia/153","metadata":{},"numero":128,"ano":2021,"numero_protocolo":null,"data_apresentacao":"2021-09-15","tipo_apresentacao":"E","data_publicacao":null,"numero_origem_externa":"","ano_origem_externa":null,"data_origem_externa":null,"apelido":"","dias_prazo":null,"data_fim_prazo":null,"em_tramitacao":false,"polemica":false,"objeto":"","complementar":false,"ementa":"Instala\u00e7\u00e3o da ilumina\u00e7\u00e3o no local que est\u00e1 acontecendo o aul\u00e3o funcional","indexacao":"","observacao":"","resultado":"","texto_original":"http://sapl.santoantonio.rn.leg.br/media/sapl/public/materialegislativa/2021/153/128.pdf","data_ultima_atualizacao":"2023-01-02T11:45:10.670516-03:00","ip":"177.135.32.147","ultima_edicao":"2023-01-02T11:42:55.075106-03:00","tipo":14,"regime_tramitacao":1,"tipo_origem_externa":null,"local_origem_externa":null,"user":2,"anexadas":[],"autores":[11]}